{"id":905,"date":"2019-03-25T19:00:45","date_gmt":"2019-03-25T18:00:45","guid":{"rendered":"http:\/\/www.klimapic.de\/?p=905"},"modified":"2024-05-22T20:55:53","modified_gmt":"2024-05-22T18:55:53","slug":"das-maximum","status":"publish","type":"post","link":"https:\/\/www.klimapic.de\/?p=905","title":{"rendered":"Das Maximum"},"content":{"rendered":"\n<p>Was man alles schaffen kann, wenn es gut l\u00e4uft, das durfte Emmy beim zweiten Termin schon erleben. Auf Grund einer Absage verl\u00e4ngerte sich ihr Termin fast von alleine und sie hatte zum Gl\u00fcck Zeit es auch auszunutzen.<\/p>\n\n\n\n<!--more-->\n\n\n\n<figure class=\"wp-block-image\"><img loading=\"lazy\" decoding=\"async\" width=\"1024\" height=\"1024\" src=\"http:\/\/www.klimapic.de\/wp-content\/uploads\/2019\/03\/IMG_5060_KP.jpg\" alt=\"\" class=\"wp-image-906\" srcset=\"https:\/\/www.klimapic.de\/wp-content\/uploads\/2019\/03\/IMG_5060_KP.jpg 1024w, https:\/\/www.klimapic.de\/wp-content\/uploads\/2019\/03\/IMG_5060_KP-150x150.jpg 150w, https:\/\/www.klimapic.de\/wp-content\/uploads\/2019\/03\/IMG_5060_KP-300x300.jpg 300w, https:\/\/www.klimapic.de\/wp-content\/uploads\/2019\/03\/IMG_5060_KP-768x768.jpg 768w\" sizes=\"auto, (max-width: 980px) 100vw, 980px\" \/><\/figure>\n\n\n\n<p>Wie ein Wirbelwind sind wir durch die Stadt gefahren und haben die Locations abgeklappert. Dieses Parkdeck war der Startpunkt. Mit Blitz im Gep\u00e4ck haben wir dann das ein oder andere versucht. Auch dieses Bild mit den haaren klappte fast auf Anhieb.<\/p>\n\n\n\n<p>Aber das war nicht alles in der Location. Gitter und Rampen wurden genau so in Szene gesetzt, wie einige andere bauliche Gegebenheiten.<\/p>\n\n\n\n<figure class=\"wp-block-gallery has-nested-images columns-default is-cropped wp-block-gallery-1 is-layout-flex wp-block-gallery-is-layout-flex\">\n<figure class=\"wp-block-image\"><img loading=\"lazy\" decoding=\"async\" width=\"1024\" height=\"1024\" data-id=\"907\" src=\"https:\/\/www.klimapic.de\/wp-content\/uploads\/2019\/03\/IMG_5052_KP.jpg\" alt=\"\" class=\"wp-image-907\" srcset=\"https:\/\/www.klimapic.de\/wp-content\/uploads\/2019\/03\/IMG_5052_KP.jpg 1024w, https:\/\/www.klimapic.de\/wp-content\/uploads\/2019\/03\/IMG_5052_KP-150x150.jpg 150w, https:\/\/www.klimapic.de\/wp-content\/uploads\/2019\/03\/IMG_5052_KP-300x300.jpg 300w, https:\/\/www.klimapic.de\/wp-content\/uploads\/2019\/03\/IMG_5052_KP-768x768.jpg 768w\" sizes=\"auto, (max-width: 980px) 100vw, 980px\" \/><\/figure>\n\n\n\n<figure class=\"wp-block-image\"><img loading=\"lazy\" decoding=\"async\" width=\"1024\" height=\"1024\" data-id=\"908\" src=\"https:\/\/www.klimapic.de\/wp-content\/uploads\/2019\/03\/IMG_5021_KP.jpg\" alt=\"\" class=\"wp-image-908\" srcset=\"https:\/\/www.klimapic.de\/wp-content\/uploads\/2019\/03\/IMG_5021_KP.jpg 1024w, https:\/\/www.klimapic.de\/wp-content\/uploads\/2019\/03\/IMG_5021_KP-150x150.jpg 150w, https:\/\/www.klimapic.de\/wp-content\/uploads\/2019\/03\/IMG_5021_KP-300x300.jpg 300w, https:\/\/www.klimapic.de\/wp-content\/uploads\/2019\/03\/IMG_5021_KP-768x768.jpg 768w\" sizes=\"auto, (max-width: 980px) 100vw, 980px\" \/><\/figure>\n<\/figure>\n\n\n\n<p>Das Highlight aber in diesem Set war dieses Bild mit den ganzen Pfeilern. Ich hatte schon einige andere Perspektiven versucht, und diese entstand dann fast zum Schluss.<\/p>\n\n\n\n<figure class=\"wp-block-image\"><img loading=\"lazy\" decoding=\"async\" width=\"1024\" height=\"1024\" src=\"http:\/\/www.klimapic.de\/wp-content\/uploads\/2019\/03\/IMG_5081_KP.jpg\" alt=\"\" class=\"wp-image-909\" srcset=\"https:\/\/www.klimapic.de\/wp-content\/uploads\/2019\/03\/IMG_5081_KP.jpg 1024w, https:\/\/www.klimapic.de\/wp-content\/uploads\/2019\/03\/IMG_5081_KP-150x150.jpg 150w, https:\/\/www.klimapic.de\/wp-content\/uploads\/2019\/03\/IMG_5081_KP-300x300.jpg 300w, https:\/\/www.klimapic.de\/wp-content\/uploads\/2019\/03\/IMG_5081_KP-768x768.jpg 768w\" sizes=\"auto, (max-width: 980px) 100vw, 980px\" \/><\/figure>\n\n\n\n<p>Was ich jetzt aber noch erw\u00e4hnen muss: Es folgen noch ca 6-8 andere Sets\/Locations, die wir an dem Vormittag gerockt haben. Sch\u00f6n wenn es einfach klappt und beide gl\u00fccklich sind mit den Ergebnissen. Wie gesagt, da kommt noch mehr, du darfst gespannt sein.<\/p>\n\n\n\n<p style=\"font-size:10px\">#portraitfoto #portraitfotograf #studiobilder #kurzfristig #kurzfristigetermine #authentischefotos #authentischefotografie #tierfotografie #outdoorfoto #nophotoshop #familenfoto #TeamKlimaPic #KlimaPic #klimapic #elmshorn #fotograf #fotoshooting #shooting #schleswigholstein #hamburg #norddeutschland #authentisch #ehrlich   <\/p>\n","protected":false},"excerpt":{"rendered":"<p>Was man alles schaffen kann, wenn es gut l\u00e4uft, das durfte Emmy beim zweiten Termin schon erleben. Auf Grund einer Absage verl\u00e4ngerte sich ihr Termin fast von alleine und sie hatte zum Gl\u00fcck Zeit es auch auszunutzen.<\/p>\n","protected":false},"author":1,"featured_media":910,"comment_status":"open","ping_status":"open","sticky":false,"template":"","format":"standard","meta":{"ngg_post_thumbnail":0,"footnotes":""},"categories":[31],"tags":[79,222,177,223],"class_list":["post-905","post","type-post","status-publish","format-standard","has-post-thumbnail","hentry","category-showroom","tag-location","tag-parkdeck","tag-parkhaus","tag-urban"],"_links":{"self":[{"href":"https:\/\/www.klimapic.de\/index.php?rest_route=\/wp\/v2\/posts\/905","targetHints":{"allow":["GET"]}}],"collection":[{"href":"https:\/\/www.klimapic.de\/index.php?rest_route=\/wp\/v2\/posts"}],"about":[{"href":"https:\/\/www.klimapic.de\/index.php?rest_route=\/wp\/v2\/types\/post"}],"author":[{"embeddable":true,"href":"https:\/\/www.klimapic.de\/index.php?rest_route=\/wp\/v2\/users\/1"}],"replies":[{"embeddable":true,"href":"https:\/\/www.klimapic.de\/index.php?rest_route=%2Fwp%2Fv2%2Fcomments&post=905"}],"version-history":[{"count":2,"href":"https:\/\/www.klimapic.de\/index.php?rest_route=\/wp\/v2\/posts\/905\/revisions"}],"predecessor-version":[{"id":7734,"href":"https:\/\/www.klimapic.de\/index.php?rest_route=\/wp\/v2\/posts\/905\/revisions\/7734"}],"wp:featuredmedia":[{"embeddable":true,"href":"https:\/\/www.klimapic.de\/index.php?rest_route=\/wp\/v2\/media\/910"}],"wp:attachment":[{"href":"https:\/\/www.klimapic.de\/index.php?rest_route=%2Fwp%2Fv2%2Fmedia&parent=905"}],"wp:term":[{"taxonomy":"category","embeddable":true,"href":"https:\/\/www.klimapic.de\/index.php?rest_route=%2Fwp%2Fv2%2Fcategories&post=905"},{"taxonomy":"post_tag","embeddable":true,"href":"https:\/\/www.klimapic.de\/index.php?rest_route=%2Fwp%2Fv2%2Ftags&post=905"}],"curies":[{"name":"wp","href":"https:\/\/api.w.org\/{rel}","templated":true}]}}