{"id":5841,"date":"2021-01-06T12:00:00","date_gmt":"2021-01-06T11:00:00","guid":{"rendered":"https:\/\/www.klimapic.de\/?p=5841"},"modified":"2021-01-06T12:23:20","modified_gmt":"2021-01-06T11:23:20","slug":"kick-off-2021","status":"publish","type":"post","link":"https:\/\/www.klimapic.de\/?p=5841","title":{"rendered":"Kick Off 2021"},"content":{"rendered":"\n<p>Wie jedes Jahr \u00e4ndert sich doch das ein oder andere bei mir. Hier m\u00f6chte ich mal meine ganzen kleinen \u00c4nderungen auflisten, die ich seit dem 01.01.21 f\u00fcr mich beschlossen und eingef\u00fchrt habe. Nicht alles ist schlecht, vieles gut und einiges nur noch konsequenter angewendet. Ich werde immer beide Seiten betrachten und das Vorher\/Nachher daran beleuchten. Ein Beitrag mit viel Text und ohne Bilder. Daf\u00fcr verspreche ich, es wird ein paar tolle Beitr\u00e4ge mehr auf dieser Seite geben in diesem Jahr!<\/p>\n\n\n\n<!--more-->\n\n\n\n<p>Erstmal m\u00f6chte ich aber allen ein frohes neues Jahr w\u00fcnschen. Hoffe alle haben es gut \u00fcber die Feiertage geschafft. Ich selbst hatte am 14.12.2020 eine eigene Pause mit massiver Kontaktbeschr\u00e4nkung eingelegt. Ich wollte Weihnachten zu den Schwiegereltern, da muss man vorsorgen. So hatte ich genug Zeit um \u00fcber viele Dinge nachzudenken und sie neu zu ordnen. Das m\u00f6chte ich nat\u00fcrlich jetzt mit allen teilen. Daher dieser Beitrag.<\/p>\n\n\n\n<p><strong>Corona Info<\/strong><br>Eine sehr wichtige \u00c4nderung f\u00fcr mich ist, meine Kunden jederzeit \u00fcber den Stand der Corona Bedingungen zu informieren. Immer h\u00e4ufiger werde ich gefragt, was machbar ist. Was darf man und was darf man nicht anbieten. Das mache ich immer in enger Zusammenarbeit mit den zust\u00e4ndigen \u00c4mtern und Beh\u00f6rden. Ich sichere mich immer wieder aufs Neue ab und lege meinen Dienstleistungskatalog vor.<br>Zudem versuche ich immer das Beste aus jeder Situation zu machen. Ich m\u00f6chte meinen Kunden das Maximum bieten, bleibe dabei aber immer unter 100% des M\u00f6glichen. Denn wer am Limit arbeitet macht auch schneller Fehler. Fehler, die ich nicht rechtfertigen m\u00f6chte. Details findest du immer aktuell auf der <a rel=\"noreferrer noopener\" href=\"https:\/\/www.klimapic.de\/?page_id=5827\" data-type=\"page\" data-id=\"5827\" target=\"_blank\">Corona Info Seite<\/a>. <\/p>\n\n\n\n<p><strong>Vereinbarung<\/strong><br>Seit dem 01.01.2021 habe ich eine neue Vereinbarung, die ich mit jedem abschlie\u00dfe, der mit mir auf freier Basis zusammenarbeitet. Diese neue Vereinbarung wird f\u00fcr alle da sein, ganz gleich ob wir schon zusammen arbeiten oder wir neu starten. Die alten Vereinbarungen gelten f\u00fcr alle Arbeiten bis zum 31.12.2020. Wer ab dem 01.01.2021 mit mir arbeiten m\u00f6chte muss die neue Vereinbarung akzeptieren und unterzeichnen. Die wichtigsten \u00c4nderungen sind die Abdeckung von Videoaufnahmen und die Regelung f\u00fcr Terminabsagen aus nicht triftigen Gr\u00fcnden. Auch wurden Anpassungen im Text eingearbeitet. Diese waren n\u00f6tig, da ab sofort keine Logos mehr auf den Bildern sind. Auch hier ist der Gewinn an Sicherheit f\u00fcr beide Seiten im Fokus gewesen.<\/p>\n\n\n\n<p><strong>Logo<\/strong><br>Ab sofort wird es keine Logos mehr auf meinen Bildern geben. Die Gr\u00fcnde sind vielf\u00e4ltig. f\u00fcr mich ist es aber einfach nur eine Erleichterung und sorgt f\u00fcr weniger Stress. Und da jeder in der Vereinbarung verpflichtet ist mich ausreichend zu nennen, ist das Logo auch eher \u00fcberfl\u00fcssig. Ich werde ja sehen, wer meine Arbeit mit Wertsch\u00e4tzung belohnt.<\/p>\n\n\n\n<p><strong>Video<\/strong><br>Videos mache ich ja schon l\u00e4nger, mal mehr mal weniger. Aber eigentlich immer nur nebenbei. Oft sind es die MakingOf-Videos von Shootings. Da m\u00f6chte ich dieses Jahr mehr machen. Ich m\u00f6chte euch mitnehmen und zeigen, wie alles abl\u00e4uft. Auch m\u00f6chte ich mehr Wissen in die Videos rein bringen. Da dort dann immer wieder Personen auftauchen, muss das nun auch rechtlich abgesichert werden. Ich hatte bisher keine Vereinbarung, die Video-Aufnahmen abdeckte. Nun ist der Videodreh mit in der Vereinbarung drin. Auch hier schaffe ich wieder mehr Sicherheit f\u00fcr beide Seiten. War also einfach nur \u00fcberf\u00e4llig.<\/p>\n\n\n\n<p><strong>Zusammenarbeit<\/strong><br>Zusammenarbeit wird mehr und mehr belohnt. Ich m\u00f6chte meine Zeit und Energie in Projekte stecken, die Spa\u00df machen. Dies gelingt immer dann, wenn die Zusammenarbeit gut funktioniert. Zusammenarbeit f\u00e4ngt bei der Planung an. Ist keine Idee, kein Ansatz oder eine Richtung zu erkennen, bin ich raus. Aber keine Sorge, ich werde wie auch schon in den letzten Jahren versuchen, euch einen Einstieg zu schaffen. Dennoch m\u00f6chte ich nochmal mehr die Mitarbeit f\u00f6rdern und fordern! Ich m\u00f6chte wieder 100% Spa\u00df beim Fotografieren haben, von Anfang an.<br>By the way: Fertige Konzepte mit allen drum und dran kann man bei mir ab 69Euro buchen. Da bin ich dann gerne bereit, alles von A bis Z zu planen und zu organisieren. <\/p>\n\n\n\n<p><strong>Termine<\/strong><br>Sie sind das A&amp;O bei einem Foto Shooting. Zudem haben wir alle nur begrenzt Zeit. Daher sind sie auch extrem kostbar. Schon seit 2 Jahren werden Auftragsarbeiten nur noch gegen Vorkasse verbindlich best\u00e4tigt. Kein Geldeingang hei\u00dft kein Termin. Es wurde sehr gut von den Kunden angenommen.<br>Diesen Erfolg m\u00f6chte ich jetzt auch auf die freien Arbeiten \u00fcbertragen. Ein Teil der neuen Vereinbarung regelt die Absage von Terminen. Wer einen Termin aus &#8222;nicht triftigen Gr\u00fcnden&#8220; kurzfristig absagt, wird eine Aufwandsentsch\u00e4digung bezahlen. Oft hatte ich das Gef\u00fchl, dass man einfach absagen kann, kostet ja nichts. Daher gilt ab sofort:<br>Wer der neuen Vereinbarung nicht zustimmen m\u00f6chte, der wird von mir keinen Termin erhalten. <\/p>\n\n\n\n<p>Online Best\u00e4tigung<br>Jede freie Arbeit wird auf Grundlage der neuen Vereinbarung erfolgen. Damit ich das effektiv umsetzen kann, wird jeder nun vorab auf die wichtigen Punkte hingewiesen. Dies wird mittels einer Webseite erfolgen. Bevor ich mit Personen im Detail \u00fcber ein Shooting und Termine rede, wird es in Zukunft ein Online Formular geben. Dort sind alle Punkte nochmals aufgef\u00fchrt und erkl\u00e4rt. Auch werden dort alle n\u00f6tigen Daten abgefragt, die ich f\u00fcr die Zusammenarbeit brauche. F\u00fcr die Personen, die schon mit mir gearbeitet haben, ist es ein Datenabgleich, damit ich mal wieder auf dem neuesten Stand bin.<br>Zudem sichert mich das Formular rechtlich ab. Bestandteile der Vereinbarung werden bereits online best\u00e4tigt und werden damit verbindlich.<\/p>\n\n\n\n<p><strong>Preise<\/strong><br>Meine Preise f\u00fcr Foto-Dienstleistungen sind seit Jahren recht stabil. Dennoch wird es die ein oder andere Anpassung geben. Gerade bei Terminen mit mehr als einer Person ist immer Zeit das Hauptproblem gewesen. Ich werde dort die Preise leicht korrigieren, daf\u00fcr aber dann auch mehr Zeit anbieten. Ich denke, das ist nur fair und wirkt sich positiv auf die Ergebnisse aus.<\/p>\n\n\n\n<p>Und damit habe ich das Meiste erz\u00e4hlt. Sicher wird es auch durch das Jahr immer wieder was Neues geben, aber der Jahresanfang ist immer ein guter Zeitpunkt f\u00fcr Ver\u00e4nderungen.<br><br>Bis zum n\u00e4chsten Beitrag<br>Chris<\/p>\n","protected":false},"excerpt":{"rendered":"<p>Wie jedes Jahr \u00e4ndert sich doch das ein oder andere bei mir. Hier m\u00f6chte ich mal meine ganzen kleinen \u00c4nderungen auflisten, die ich seit dem 01.01.21 f\u00fcr mich beschlossen und eingef\u00fchrt habe. Nicht alles ist schlecht, vieles gut und einiges nur noch konsequenter angewendet. Ich werde immer beide Seiten betrachten und das Vorher\/Nachher daran beleuchten. [&hellip;]<\/p>\n","protected":false},"author":1,"featured_media":113,"comment_status":"open","ping_status":"open","sticky":false,"template":"","format":"standard","meta":{"ngg_post_thumbnail":0,"footnotes":""},"categories":[15],"tags":[701,702,705,703,700,613,232],"class_list":["post-5841","post","type-post","status-publish","format-standard","has-post-thumbnail","hentry","category-rund-um-klimapic","tag-701","tag-aenderungen","tag-regeln","tag-vereinbarung","tag-video","tag-zusammen","tag-zusammenarbeit"],"_links":{"self":[{"href":"https:\/\/www.klimapic.de\/index.php?rest_route=\/wp\/v2\/posts\/5841","targetHints":{"allow":["GET"]}}],"collection":[{"href":"https:\/\/www.klimapic.de\/index.php?rest_route=\/wp\/v2\/posts"}],"about":[{"href":"https:\/\/www.klimapic.de\/index.php?rest_route=\/wp\/v2\/types\/post"}],"author":[{"embeddable":true,"href":"https:\/\/www.klimapic.de\/index.php?rest_route=\/wp\/v2\/users\/1"}],"replies":[{"embeddable":true,"href":"https:\/\/www.klimapic.de\/index.php?rest_route=%2Fwp%2Fv2%2Fcomments&post=5841"}],"version-history":[{"count":5,"href":"https:\/\/www.klimapic.de\/index.php?rest_route=\/wp\/v2\/posts\/5841\/revisions"}],"predecessor-version":[{"id":5890,"href":"https:\/\/www.klimapic.de\/index.php?rest_route=\/wp\/v2\/posts\/5841\/revisions\/5890"}],"wp:featuredmedia":[{"embeddable":true,"href":"https:\/\/www.klimapic.de\/index.php?rest_route=\/wp\/v2\/media\/113"}],"wp:attachment":[{"href":"https:\/\/www.klimapic.de\/index.php?rest_route=%2Fwp%2Fv2%2Fmedia&parent=5841"}],"wp:term":[{"taxonomy":"category","embeddable":true,"href":"https:\/\/www.klimapic.de\/index.php?rest_route=%2Fwp%2Fv2%2Fcategories&post=5841"},{"taxonomy":"post_tag","embeddable":true,"href":"https:\/\/www.klimapic.de\/index.php?rest_route=%2Fwp%2Fv2%2Ftags&post=5841"}],"curies":[{"name":"wp","href":"https:\/\/api.w.org\/{rel}","templated":true}]}}