{"id":550,"date":"2019-02-13T07:19:32","date_gmt":"2019-02-13T07:19:32","guid":{"rendered":"http:\/\/www.klimapic.de\/?p=550"},"modified":"2019-02-13T07:19:36","modified_gmt":"2019-02-13T07:19:36","slug":"natur-pur","status":"publish","type":"post","link":"https:\/\/www.klimapic.de\/?p=550","title":{"rendered":"Natur Pur"},"content":{"rendered":"\n<p>Gestern hab ich es ja schon angek\u00fcndigt und ich werde es noch ein paar mal mehr erw\u00e4hnen, damit auch alle die Chance haben mitzumachen. Infos zum Mitmachen hatte ich in diesem Beitrag versteckt: <a href=\"http:\/\/www.klimapic.de\/?p=542\" target=\"_blank\" rel=\"noreferrer noopener\" aria-label=\" (\u00f6ffnet in neuem Tab)\">http:\/\/www.klimapic.de\/?p=542<\/a><\/p>\n\n\n\n<p>Ich m\u00f6chte mich verst\u00e4rkt in die reine Natur zur\u00fcck ziehen. Sicher mache ich auch weiter die anderen Bildarten, aber die Natur soll der Fokus sein.<\/p>\n\n\n\n<p>Genau so wie hier bei Saskia. Hier war es eine Art Baumschule die eine Menge Pflanzen z\u00fcchtet und es fast wie ein Wald angelegt war.<\/p>\n\n\n\n<figure class=\"wp-block-image\"><img loading=\"lazy\" decoding=\"async\" width=\"1024\" height=\"1024\" src=\"http:\/\/www.klimapic.de\/wp-content\/uploads\/2019\/02\/IMG_1981_KP.jpg\" alt=\"\" class=\"wp-image-551\" srcset=\"https:\/\/www.klimapic.de\/wp-content\/uploads\/2019\/02\/IMG_1981_KP.jpg 1024w, https:\/\/www.klimapic.de\/wp-content\/uploads\/2019\/02\/IMG_1981_KP-150x150.jpg 150w, https:\/\/www.klimapic.de\/wp-content\/uploads\/2019\/02\/IMG_1981_KP-300x300.jpg 300w, https:\/\/www.klimapic.de\/wp-content\/uploads\/2019\/02\/IMG_1981_KP-768x768.jpg 768w\" sizes=\"auto, (max-width: 980px) 100vw, 980px\" \/><\/figure>\n","protected":false},"excerpt":{"rendered":"<p>Gestern hab ich es ja schon angek\u00fcndigt und ich werde es noch ein paar mal mehr erw\u00e4hnen, damit auch alle die Chance haben mitzumachen. Infos zum Mitmachen hatte ich in diesem Beitrag versteckt: http:\/\/www.klimapic.de\/?p=542 Ich m\u00f6chte mich verst\u00e4rkt in die reine Natur zur\u00fcck ziehen. Sicher mache ich auch weiter die anderen Bildarten, aber die Natur [&hellip;]<\/p>\n","protected":false},"author":1,"featured_media":0,"comment_status":"open","ping_status":"open","sticky":false,"template":"","format":"standard","meta":{"ngg_post_thumbnail":0,"footnotes":""},"categories":[15,31],"tags":[48,51,47,50,49,41],"class_list":["post-550","post","type-post","status-publish","format-standard","hentry","category-rund-um-klimapic","category-showroom","tag-busch","tag-chance","tag-ideen","tag-mitmachen","tag-natur","tag-wald"],"_links":{"self":[{"href":"https:\/\/www.klimapic.de\/index.php?rest_route=\/wp\/v2\/posts\/550","targetHints":{"allow":["GET"]}}],"collection":[{"href":"https:\/\/www.klimapic.de\/index.php?rest_route=\/wp\/v2\/posts"}],"about":[{"href":"https:\/\/www.klimapic.de\/index.php?rest_route=\/wp\/v2\/types\/post"}],"author":[{"embeddable":true,"href":"https:\/\/www.klimapic.de\/index.php?rest_route=\/wp\/v2\/users\/1"}],"replies":[{"embeddable":true,"href":"https:\/\/www.klimapic.de\/index.php?rest_route=%2Fwp%2Fv2%2Fcomments&post=550"}],"version-history":[{"count":1,"href":"https:\/\/www.klimapic.de\/index.php?rest_route=\/wp\/v2\/posts\/550\/revisions"}],"predecessor-version":[{"id":552,"href":"https:\/\/www.klimapic.de\/index.php?rest_route=\/wp\/v2\/posts\/550\/revisions\/552"}],"wp:attachment":[{"href":"https:\/\/www.klimapic.de\/index.php?rest_route=%2Fwp%2Fv2%2Fmedia&parent=550"}],"wp:term":[{"taxonomy":"category","embeddable":true,"href":"https:\/\/www.klimapic.de\/index.php?rest_route=%2Fwp%2Fv2%2Fcategories&post=550"},{"taxonomy":"post_tag","embeddable":true,"href":"https:\/\/www.klimapic.de\/index.php?rest_route=%2Fwp%2Fv2%2Ftags&post=550"}],"curies":[{"name":"wp","href":"https:\/\/api.w.org\/{rel}","templated":true}]}}