{"id":380,"date":"2018-01-10T11:48:40","date_gmt":"2018-01-10T11:48:40","guid":{"rendered":"http:\/\/new.klimapic.de\/?p=380"},"modified":"2018-10-29T11:49:11","modified_gmt":"2018-10-29T11:49:11","slug":"projekt-2018","status":"publish","type":"post","link":"https:\/\/www.klimapic.de\/?p=380","title":{"rendered":"Projekt 2018"},"content":{"rendered":"<p class=\"\">In diesem Jahr werde ich mich auf 3 Dinge konzentrieren. Es ist ein stetiger Prozess, seine Abl\u00e4ufe und Aufgaben zu optimieren. Und damit Ihr wisst, was passiert (und was nicht) hier ein \u00dcberblick zu ein paar Kernfragen. Was wird mich 2018 lenken? Was will ich umsetzen? Mit wem werde ich arbeiten?<\/p>\n<p class=\"\">In diesem Jahr wird es 3 klare Treiber f\u00fcr mein Handeln geben. Ich lasse mich schon l\u00e4nger durch externe Dinge lenken. Aber nun schn\u00fcre ich die Regeln f\u00fcr mich etwas enger. Hier die 3 Treiber mit einer kurzen Erkl\u00e4rung, was dahinter steckt:<\/p>\n<ul>\n<li><b>Projekte durch Projekt- und Foto-Seiten<\/b>&nbsp;&#8211; Es gibt da ein paar inspirierende Seiten im Netz, die regelm\u00e4\u00dfig \u00fcber Techniken und Neuerungen berichten und auch detaillierte Anleitungen liefern. Aber es gibt auch Seiten, die Aufgaben stellen, wo dann Fotografen weltweit gegeneinander antreten. F\u00fcr dies werde ich immer wieder Personen ansprechen oder suchen.<\/li>\n<li><b>Ansprechende Shooting-Anfragen<\/b>&nbsp;&#8211; Wer will, der kann. Und wer es wirklich will, kann sich auch dementsprechend bewerben. Daher werde ich dieses Jahr nur noch ansprechende Anfragen auf freier Basis umsetzen. Und ich wei\u00df, dass es immer noch Personen gibt, die so etwas wirklich k\u00f6nnen. Versuche es selbst und schick mir deine Bewerbung an&nbsp;<a href=\"mailto:ichwill2018@klimapic.de\" target=\"_blank\" rel=\"noopener\">ichwill2018@klimapic.de<\/a><br \/>\nAlle anderen Anfragen fallen somit unter Punkt 3.<\/li>\n<li><b>Kunden- und Auftrags-Shootings<\/b>&nbsp;&#8211; Klar bin ich f\u00fcr jeden da. Ich mache f\u00fcr und mit jedem Fotos. Und das auch zu absolut fairen Preisen. Schon ab 15 Euro kann man sich einen Shooting Termin sichern. Wer also einfach sch\u00f6ne Bilder von sich haben m\u00f6chte, dem biete ich f\u00fcr jeden Geldbeutel was an.<\/li>\n<\/ul>\n<p class=\"\">Und damit sind auch schon alle Fragen beantwortet. Jeder kann und darf mit mir arbeiten. Und ich freue mich auf jeden einzelnen von Euch. 2018 wird ganz sicher der Hammer \ud83d\ude42<\/p>\n","protected":false},"excerpt":{"rendered":"<p>In diesem Jahr werde ich mich auf 3 Dinge konzentrieren. Es ist ein stetiger Prozess, seine Abl\u00e4ufe und Aufgaben zu optimieren. Und damit Ihr wisst, was passiert (und was nicht) hier ein \u00dcberblick zu ein paar Kernfragen. Was wird mich 2018 lenken? Was will ich umsetzen? Mit wem werde ich arbeiten? In diesem Jahr wird [&hellip;]<\/p>\n","protected":false},"author":1,"featured_media":0,"comment_status":"open","ping_status":"open","sticky":false,"template":"","format":"standard","meta":{"ngg_post_thumbnail":0,"footnotes":""},"categories":[15],"tags":[],"class_list":["post-380","post","type-post","status-publish","format-standard","hentry","category-rund-um-klimapic"],"_links":{"self":[{"href":"https:\/\/www.klimapic.de\/index.php?rest_route=\/wp\/v2\/posts\/380","targetHints":{"allow":["GET"]}}],"collection":[{"href":"https:\/\/www.klimapic.de\/index.php?rest_route=\/wp\/v2\/posts"}],"about":[{"href":"https:\/\/www.klimapic.de\/index.php?rest_route=\/wp\/v2\/types\/post"}],"author":[{"embeddable":true,"href":"https:\/\/www.klimapic.de\/index.php?rest_route=\/wp\/v2\/users\/1"}],"replies":[{"embeddable":true,"href":"https:\/\/www.klimapic.de\/index.php?rest_route=%2Fwp%2Fv2%2Fcomments&post=380"}],"version-history":[{"count":1,"href":"https:\/\/www.klimapic.de\/index.php?rest_route=\/wp\/v2\/posts\/380\/revisions"}],"predecessor-version":[{"id":381,"href":"https:\/\/www.klimapic.de\/index.php?rest_route=\/wp\/v2\/posts\/380\/revisions\/381"}],"wp:attachment":[{"href":"https:\/\/www.klimapic.de\/index.php?rest_route=%2Fwp%2Fv2%2Fmedia&parent=380"}],"wp:term":[{"taxonomy":"category","embeddable":true,"href":"https:\/\/www.klimapic.de\/index.php?rest_route=%2Fwp%2Fv2%2Fcategories&post=380"},{"taxonomy":"post_tag","embeddable":true,"href":"https:\/\/www.klimapic.de\/index.php?rest_route=%2Fwp%2Fv2%2Ftags&post=380"}],"curies":[{"name":"wp","href":"https:\/\/api.w.org\/{rel}","templated":true}]}}