{"id":3625,"date":"2019-08-21T10:43:14","date_gmt":"2019-08-21T08:43:14","guid":{"rendered":"https:\/\/www.klimapic.de\/?p=3625"},"modified":"2019-08-21T10:43:15","modified_gmt":"2019-08-21T08:43:15","slug":"doppelt-haelt-besser","status":"publish","type":"post","link":"https:\/\/www.klimapic.de\/?p=3625","title":{"rendered":"Doppelt h\u00e4lt besser"},"content":{"rendered":"\n<p>Ab und an bin ich auch mal in gr\u00f6\u00dferen Runden unterwegs. Das aber immer nur dann, wenn ich mir sicher bin, dass alles zusammen passt. Bei Sharleen und Hannah war ich mir recht sicher, gute Ergebnisse mitzubringen. Als Einzel hatte ich beide ja schon in der Location gezeigt. hier nun eine kleine Serie in schwarz\/wei\u00df, wo beide zusammen agieren.<\/p>\n\n\n\n<!--more-->\n\n\n\n<figure class=\"wp-block-image\"><img loading=\"lazy\" decoding=\"async\" width=\"1024\" height=\"683\" src=\"https:\/\/www.klimapic.de\/wp-content\/uploads\/2019\/08\/IMG_8747_KP-1024x683.jpg\" alt=\"\" class=\"wp-image-3624\" srcset=\"https:\/\/www.klimapic.de\/wp-content\/uploads\/2019\/08\/IMG_8747_KP.jpg 1024w, https:\/\/www.klimapic.de\/wp-content\/uploads\/2019\/08\/IMG_8747_KP-300x200.jpg 300w, https:\/\/www.klimapic.de\/wp-content\/uploads\/2019\/08\/IMG_8747_KP-768x512.jpg 768w\" sizes=\"auto, (max-width: 980px) 100vw, 980px\" \/><\/figure>\n\n\n\n<p>Das Sch\u00f6ne bei den Beiden war (und ist immer noch) &#8211; Sie sind sich sehr \u00e4hnlich. Nicht nur von Figur und Gr\u00f6\u00dfe, sondern auch von den Ideen und Outfits. Vorab gab es eine WhatApp Gruppe, in der alles n\u00f6tige abgesprochen wurde. Vor Ort war dann vielen ein Selbstg\u00e4nger, denn auch Live vor Ort passte alles gut zusammen.<\/p>\n\n\n\n<figure class=\"wp-block-image\"><img loading=\"lazy\" decoding=\"async\" width=\"683\" height=\"1024\" src=\"https:\/\/www.klimapic.de\/wp-content\/uploads\/2019\/08\/IMG_8763_KP-683x1024.jpg\" alt=\"\" class=\"wp-image-3622\" srcset=\"https:\/\/www.klimapic.de\/wp-content\/uploads\/2019\/08\/IMG_8763_KP.jpg 683w, https:\/\/www.klimapic.de\/wp-content\/uploads\/2019\/08\/IMG_8763_KP-200x300.jpg 200w\" sizes=\"auto, (max-width: 683px) 100vw, 683px\" \/><\/figure>\n\n\n\n<p>Frech k\u00f6nnen sie beide, und Posen auch. Da blieb mir nicht mehr viel zu sagen. Ich hab mich da mehr um die Pyro gek\u00fcmmert und hab zugesehen, die zeit so gut wie m\u00f6glich f\u00fcr Fotos zu nutzen. Vor der Kamera lief zum Gl\u00fcck fast alles von alleine.<\/p>\n\n\n\n<figure class=\"wp-block-image\"><img loading=\"lazy\" decoding=\"async\" width=\"683\" height=\"1024\" src=\"https:\/\/www.klimapic.de\/wp-content\/uploads\/2019\/08\/IMG_8754_KP-683x1024.jpg\" alt=\"\" class=\"wp-image-3621\" srcset=\"https:\/\/www.klimapic.de\/wp-content\/uploads\/2019\/08\/IMG_8754_KP.jpg 683w, https:\/\/www.klimapic.de\/wp-content\/uploads\/2019\/08\/IMG_8754_KP-200x300.jpg 200w\" sizes=\"auto, (max-width: 683px) 100vw, 683px\" \/><\/figure>\n\n\n\n<p style=\"font-size:10px\">#portraitfoto #portraitfotograf #studiobilder #kurzfristig #kurzfristigetermine #authentischefotos #authentischefotografie #tierfotografie #outdoorfoto #nophotoshop #familenfoto #TeamKlimaPic #KlimaPic #klimapic #elmshorn #fotograf #fotoshooting #shooting #schleswigholstein #hamburg #norddeutschland #authentisch #ehrlich   <\/p>\n\n\n<ul class=\"wp-block-latest-posts__list is-grid columns-2 has-dates aligncenter wp-block-latest-posts\"><li><a class=\"wp-block-latest-posts__post-title\" href=\"https:\/\/www.klimapic.de\/?p=8053\">Diana ist zur\u00fcck<\/a><time datetime=\"2025-09-30T08:01:36+02:00\" class=\"wp-block-latest-posts__post-date\">30. September 2025<\/time><\/li>\n<li><a class=\"wp-block-latest-posts__post-title\" href=\"https:\/\/www.klimapic.de\/?p=8060\">Die Farbe Herbst 2025<\/a><time datetime=\"2025-09-24T13:39:21+02:00\" class=\"wp-block-latest-posts__post-date\">24. September 2025<\/time><\/li>\n<li><a class=\"wp-block-latest-posts__post-title\" href=\"https:\/\/www.klimapic.de\/?p=8039\">Au\u00dfergew\u00f6hnliche Orte<\/a><time datetime=\"2025-09-09T11:31:52+02:00\" class=\"wp-block-latest-posts__post-date\">9. September 2025<\/time><\/li>\n<li><a class=\"wp-block-latest-posts__post-title\" href=\"https:\/\/www.klimapic.de\/?p=8037\">picdrop &#8211; nicht nur f\u00fcr Profis<\/a><time datetime=\"2025-09-02T10:27:25+02:00\" class=\"wp-block-latest-posts__post-date\">2. September 2025<\/time><\/li>\n<li><a class=\"wp-block-latest-posts__post-title\" href=\"https:\/\/www.klimapic.de\/?p=8012\">Ein gutes Buch<\/a><time datetime=\"2025-06-27T18:17:28+02:00\" class=\"wp-block-latest-posts__post-date\">27. Juni 2025<\/time><\/li>\n<li><a class=\"wp-block-latest-posts__post-title\" href=\"https:\/\/www.klimapic.de\/?p=8000\">Wehendes Haar<\/a><time datetime=\"2025-06-15T13:26:17+02:00\" class=\"wp-block-latest-posts__post-date\">15. Juni 2025<\/time><\/li>\n<li><a class=\"wp-block-latest-posts__post-title\" href=\"https:\/\/www.klimapic.de\/?p=7966\">Der neue Anker Power Block<\/a><time datetime=\"2025-03-20T10:21:29+01:00\" class=\"wp-block-latest-posts__post-date\">20. M\u00e4rz 2025<\/time><\/li>\n<li><a class=\"wp-block-latest-posts__post-title\" href=\"https:\/\/www.klimapic.de\/?p=7936\">Patreon<\/a><time datetime=\"2025-02-20T13:20:23+01:00\" class=\"wp-block-latest-posts__post-date\">20. Februar 2025<\/time><\/li>\n<\/ul>","protected":false},"excerpt":{"rendered":"<p>Ab und an bin ich auch mal in gr\u00f6\u00dferen Runden unterwegs. Das aber immer nur dann, wenn ich mir sicher bin, dass alles zusammen passt. Bei Sharleen und Hannah war ich mir recht sicher, gute Ergebnisse mitzubringen. Als Einzel hatte ich beide ja schon in der Location gezeigt. hier nun eine kleine Serie in schwarz\/wei\u00df, [&hellip;]<\/p>\n","protected":false},"author":1,"featured_media":3623,"comment_status":"open","ping_status":"open","sticky":false,"template":"","format":"standard","meta":{"ngg_post_thumbnail":0,"footnotes":""},"categories":[4,23,31],"tags":[585,32,376,63,613],"class_list":["post-3625","post","type-post","status-publish","format-standard","has-post-thumbnail","hentry","category-location-tipps","category-model-tipps","category-showroom","tag-duo","tag-lostplace","tag-rauch","tag-schwarzweiss","tag-zusammen"],"_links":{"self":[{"href":"https:\/\/www.klimapic.de\/index.php?rest_route=\/wp\/v2\/posts\/3625","targetHints":{"allow":["GET"]}}],"collection":[{"href":"https:\/\/www.klimapic.de\/index.php?rest_route=\/wp\/v2\/posts"}],"about":[{"href":"https:\/\/www.klimapic.de\/index.php?rest_route=\/wp\/v2\/types\/post"}],"author":[{"embeddable":true,"href":"https:\/\/www.klimapic.de\/index.php?rest_route=\/wp\/v2\/users\/1"}],"replies":[{"embeddable":true,"href":"https:\/\/www.klimapic.de\/index.php?rest_route=%2Fwp%2Fv2%2Fcomments&post=3625"}],"version-history":[{"count":1,"href":"https:\/\/www.klimapic.de\/index.php?rest_route=\/wp\/v2\/posts\/3625\/revisions"}],"predecessor-version":[{"id":3626,"href":"https:\/\/www.klimapic.de\/index.php?rest_route=\/wp\/v2\/posts\/3625\/revisions\/3626"}],"wp:featuredmedia":[{"embeddable":true,"href":"https:\/\/www.klimapic.de\/index.php?rest_route=\/wp\/v2\/media\/3623"}],"wp:attachment":[{"href":"https:\/\/www.klimapic.de\/index.php?rest_route=%2Fwp%2Fv2%2Fmedia&parent=3625"}],"wp:term":[{"taxonomy":"category","embeddable":true,"href":"https:\/\/www.klimapic.de\/index.php?rest_route=%2Fwp%2Fv2%2Fcategories&post=3625"},{"taxonomy":"post_tag","embeddable":true,"href":"https:\/\/www.klimapic.de\/index.php?rest_route=%2Fwp%2Fv2%2Ftags&post=3625"}],"curies":[{"name":"wp","href":"https:\/\/api.w.org\/{rel}","templated":true}]}}