{"id":355,"date":"2017-07-15T08:06:12","date_gmt":"2017-07-15T08:06:12","guid":{"rendered":"http:\/\/new.klimapic.de\/?p=355"},"modified":"2018-10-29T08:07:36","modified_gmt":"2018-10-29T08:07:36","slug":"fokus-schaerfen","status":"publish","type":"post","link":"https:\/\/www.klimapic.de\/?p=355","title":{"rendered":"Fokus sch\u00e4rfen"},"content":{"rendered":"<p class=\"\">Es ist mal wieder an der Zeit, gewisse Dinge zu justieren. Diesmal wird sich die \u00c4nderung wieder mal auf Facebook beziehen.<\/p>\n<p class=\"\">Facebook ist au\u00dfer Frage eine tolle Sache. Man kann viele Personen erreichen und sich auch einiges an Feedback und Wissen besorgen. Der Kommerz von Facebook macht es immer schwieriger, gezielt Inhalte zu finden oder ein sauberes Feedback zu bekommen.<\/p>\n<p class=\"\">Aber ich habe auch in den letzten Monaten gelernt, dass gewisse Inhalte f\u00fcr Facebook nicht geschaffen sind. So kam es auch, dass ich Inhalte gel\u00f6scht habe und auch noch weiter l\u00f6schen werde. Ich werde meine Werke in Zukunft anders &#8222;unter die Leute&#8220; bringen. Auch fehlende Wertsch\u00e4tzung hat zur L\u00f6schung einiger Inhalte gef\u00fchrt.<\/p>\n<p class=\"\">Keine Bilderflut mehr &#8211; ab heute max 1 Bild am Tag<\/p>\n<p>Die Resonanz auf meine Bilder ist auch dank Facebook-Algorithmus auf einem Rekord-Tief. Und hier geht es mir nicht um die Likes. Es sieht wirklich kaum einer mehr meine Beitr\u00e4ge. Daf\u00fcr werde ich in Zukunft mehr auf einen Newsletter bauen und Shootings nur noch in einem Bericht auf Facebook zeigen. Bilder kommen prim\u00e4r auf die Webseite. Klingt f\u00fcr den einen oder anderen jetzt umst\u00e4ndlich, aber es wird wie bisher ein Klick sein, um zu dem Bild zu kommen. Vorteile erzeugen. Das sch\u00f6ne an dieser Neuerung wird sein, dass es dann einen Bericht mit Text und vielen Bildern gibt. Dort wird dann \u00fcber das gesamte Shooting berichtet. Wetter, Location, Probleme oder was auch immer das Shooting dann ausgemacht hat. Evtl drehe ich auch wieder Videos vom Shooting. Wurde auch eingestellt, da es sich keiner angesehen hatte.Wer mir hierzu gerne schreiben m\u00f6chte, kann es \u00fcber die bekannten Kan\u00e4le tun. Email, WhatsApp, FB u.s.w.<\/p>\n<p>An dieser Stelle noch ein kleines Video &#8211; Es passt gerade so sch\u00f6n. Und es unterstreicht mein Denken \u00fcber Likes!<\/p>\n<p><a href=\"https:\/\/vimeo.com\/100877384\" target=\"_blank\" rel=\"noopener\">https:\/\/vimeo.com\/100877384<\/a>&nbsp;<\/p>\n","protected":false},"excerpt":{"rendered":"<p>Es ist mal wieder an der Zeit, gewisse Dinge zu justieren. Diesmal wird sich die \u00c4nderung wieder mal auf Facebook beziehen. Facebook ist au\u00dfer Frage eine tolle Sache. Man kann viele Personen erreichen und sich auch einiges an Feedback und Wissen besorgen. Der Kommerz von Facebook macht es immer schwieriger, gezielt Inhalte zu finden oder [&hellip;]<\/p>\n","protected":false},"author":1,"featured_media":0,"comment_status":"open","ping_status":"open","sticky":false,"template":"","format":"standard","meta":{"ngg_post_thumbnail":0,"footnotes":""},"categories":[15,8],"tags":[],"class_list":["post-355","post","type-post","status-publish","format-standard","hentry","category-rund-um-klimapic","category-motivations-tipps"],"_links":{"self":[{"href":"https:\/\/www.klimapic.de\/index.php?rest_route=\/wp\/v2\/posts\/355","targetHints":{"allow":["GET"]}}],"collection":[{"href":"https:\/\/www.klimapic.de\/index.php?rest_route=\/wp\/v2\/posts"}],"about":[{"href":"https:\/\/www.klimapic.de\/index.php?rest_route=\/wp\/v2\/types\/post"}],"author":[{"embeddable":true,"href":"https:\/\/www.klimapic.de\/index.php?rest_route=\/wp\/v2\/users\/1"}],"replies":[{"embeddable":true,"href":"https:\/\/www.klimapic.de\/index.php?rest_route=%2Fwp%2Fv2%2Fcomments&post=355"}],"version-history":[{"count":1,"href":"https:\/\/www.klimapic.de\/index.php?rest_route=\/wp\/v2\/posts\/355\/revisions"}],"predecessor-version":[{"id":356,"href":"https:\/\/www.klimapic.de\/index.php?rest_route=\/wp\/v2\/posts\/355\/revisions\/356"}],"wp:attachment":[{"href":"https:\/\/www.klimapic.de\/index.php?rest_route=%2Fwp%2Fv2%2Fmedia&parent=355"}],"wp:term":[{"taxonomy":"category","embeddable":true,"href":"https:\/\/www.klimapic.de\/index.php?rest_route=%2Fwp%2Fv2%2Fcategories&post=355"},{"taxonomy":"post_tag","embeddable":true,"href":"https:\/\/www.klimapic.de\/index.php?rest_route=%2Fwp%2Fv2%2Ftags&post=355"}],"curies":[{"name":"wp","href":"https:\/\/api.w.org\/{rel}","templated":true}]}}