{"id":3275,"date":"2019-08-07T14:00:02","date_gmt":"2019-08-07T12:00:02","guid":{"rendered":"https:\/\/www.klimapic.de\/?p=3275"},"modified":"2019-08-07T09:00:21","modified_gmt":"2019-08-07T07:00:21","slug":"in-schubladen-denken","status":"publish","type":"post","link":"https:\/\/www.klimapic.de\/?p=3275","title":{"rendered":"In Schubladen denken"},"content":{"rendered":"\n<p>Der Beitrag, den ich von Sharleen heute gepostet habe, hat mir mal wieder einen Ansatz f\u00fcr Gedanken gegeben. Aber es ist nicht nur wie im Titel, das Denken in Schubladen. Auch das der Rahmen passen muss oder man nicht aus dem Rahmen fallen darf m\u00f6chte ich hier mal aufgreifen. Und ich w\u00fcnsche mir eine kleine Diskussion unter dem Beitrag. Lass mal deine Meinung dazu hier.<\/p>\n\n\n\n<!--more-->\n\n\n\n<figure class=\"wp-block-image\"><img loading=\"lazy\" decoding=\"async\" width=\"1024\" height=\"1024\" src=\"https:\/\/www.klimapic.de\/wp-content\/uploads\/2019\/08\/IMG_8401_KP.jpg\" alt=\"\" class=\"wp-image-3263\" srcset=\"https:\/\/www.klimapic.de\/wp-content\/uploads\/2019\/08\/IMG_8401_KP.jpg 1024w, https:\/\/www.klimapic.de\/wp-content\/uploads\/2019\/08\/IMG_8401_KP-150x150.jpg 150w, https:\/\/www.klimapic.de\/wp-content\/uploads\/2019\/08\/IMG_8401_KP-300x300.jpg 300w, https:\/\/www.klimapic.de\/wp-content\/uploads\/2019\/08\/IMG_8401_KP-768x768.jpg 768w\" sizes=\"auto, (max-width: 980px) 100vw, 980px\" \/><\/figure>\n\n\n\n<p>Wer kennt es nicht? Schnell wird man in eine Schublade gesteckt oder man wird in seiner Entfaltung durch Rahmen und Regeln in die Schranken gewiesen. Sicher macht das auch mal Sinn, aber muss es immer gleich pauschal sein? Kann man sich nicht noch einen zweiten Blick g\u00f6nnen oder es von einer anderen Seite betrachten?<\/p>\n\n\n\n<p>W\u00fcrde ich so handeln, w\u00e4ren meine Berichte und Bilder weitaus nicht so vielf\u00e4ltig, wie sie sind. Grunds\u00e4tzlich ziehe ich mit jedem los und mache Bilder. Da mache ich keine Unterschiede. Und auch bei den Ideen bin ich f\u00fcr fast alles offen.<\/p>\n\n\n\n<p>Ja, es gibt bei mir Ausnahmen. Aber diese sind auf langj\u00e4hrige Erfahrungen zur\u00fcck zu f\u00fchren. So vergebe ich derzeit kaum Termine an M\u00e4nner\/Jungs, da ich in den letzten 2 Jahren nur selten lockere Termine hatte. Oft war schon die Vorplanung bei vielen so stressig, dass ich dankend abgelehnt habe. Oder der Plan \u00e4nderte sich alle 5 Minuten. Und auch die Personen unter 18 sind derzeit eher selten auf der Liste. Hier liegt es aber mehr an der Mitarbeit bez\u00fcglich der Eltern-Zettel. Da m\u00f6chte ich einfach nicht mehr hinterher laufen.<\/p>\n\n\n\n<p>Aber wenn ich diese zwei Schubladen ansehe, so sind sie nicht an bestimmte Personen gebunden. Das eine sind M\u00e4nner und das andere sind Personen unter 18. Und beide haben es sich \u00fcber Jahre hin mit mir verscherzt. Und daher sind diese beiden Schubladen f\u00fcr mich eher sinnvoll, da sie mir das Leben erleichtern. So sortiere ich vor und erspare mir Zeit und \u00c4rger.<\/p>\n\n\n\n<p>Aber es gibt da drau\u00dfen noch so viele andere Schubladen. <br>&#8211; Warum ist man gleich als Modell abgestempelt, nur weil man gerne Bilder macht? <br>&#8211; Warum bekommt man Anfragen zu Dessous Shootings, nur weil man etwas mehr Haut gezeigt hat?<br>&#8211; Warum beleidigt man gleich, wenn eine Person nicht 90-60-90 ist?<\/p>\n\n\n\n<p>Die Toleranz anderen Menschen gegen\u00fcber sollte mal wieder lockerer werden. Nicht immer gleich den Stempel raus holen. Redet doch mal miteinander. Lernt die andere Person doch mal richtig kennen. Bilde dir dein Urteil durch eigene Erfahrung. Und wenn du dann der Person sagst, in welche Schublade du sie steckst, dann ist sie ganz sicher auch mit deiner Entscheidung gl\u00fccklich.<\/p>\n\n\n\n<p>Nun bist du dran. Was ist deine Meinung zu Schublade, Vorurteil und Rahmen? Wurdest du auch schon in eine Schublade gesteckt? Oder hast es evtl selbst schon mal zu voreilig getan?<\/p>\n\n\n\n<p><\/p>\n\n\n\n<p><\/p>\n","protected":false},"excerpt":{"rendered":"<p>Der Beitrag, den ich von Sharleen heute gepostet habe, hat mir mal wieder einen Ansatz f\u00fcr Gedanken gegeben. Aber es ist nicht nur wie im Titel, das Denken in Schubladen. Auch das der Rahmen passen muss oder man nicht aus dem Rahmen fallen darf m\u00f6chte ich hier mal aufgreifen. Und ich w\u00fcnsche mir eine kleine [&hellip;]<\/p>\n","protected":false},"author":1,"featured_media":3274,"comment_status":"open","ping_status":"open","sticky":false,"template":"","format":"standard","meta":{"ngg_post_thumbnail":0,"footnotes":""},"categories":[15,3,23,8,10],"tags":[203,47,19,592,593,594],"class_list":["post-3275","post","type-post","status-publish","format-standard","has-post-thumbnail","hentry","category-rund-um-klimapic","category-fotografen-tipps","category-model-tipps","category-motivations-tipps","category-quick-tipps","tag-gedanken","tag-ideen","tag-meinung","tag-rahmen","tag-schublade","tag-vorurteil"],"_links":{"self":[{"href":"https:\/\/www.klimapic.de\/index.php?rest_route=\/wp\/v2\/posts\/3275","targetHints":{"allow":["GET"]}}],"collection":[{"href":"https:\/\/www.klimapic.de\/index.php?rest_route=\/wp\/v2\/posts"}],"about":[{"href":"https:\/\/www.klimapic.de\/index.php?rest_route=\/wp\/v2\/types\/post"}],"author":[{"embeddable":true,"href":"https:\/\/www.klimapic.de\/index.php?rest_route=\/wp\/v2\/users\/1"}],"replies":[{"embeddable":true,"href":"https:\/\/www.klimapic.de\/index.php?rest_route=%2Fwp%2Fv2%2Fcomments&post=3275"}],"version-history":[{"count":2,"href":"https:\/\/www.klimapic.de\/index.php?rest_route=\/wp\/v2\/posts\/3275\/revisions"}],"predecessor-version":[{"id":3277,"href":"https:\/\/www.klimapic.de\/index.php?rest_route=\/wp\/v2\/posts\/3275\/revisions\/3277"}],"wp:featuredmedia":[{"embeddable":true,"href":"https:\/\/www.klimapic.de\/index.php?rest_route=\/wp\/v2\/media\/3274"}],"wp:attachment":[{"href":"https:\/\/www.klimapic.de\/index.php?rest_route=%2Fwp%2Fv2%2Fmedia&parent=3275"}],"wp:term":[{"taxonomy":"category","embeddable":true,"href":"https:\/\/www.klimapic.de\/index.php?rest_route=%2Fwp%2Fv2%2Fcategories&post=3275"},{"taxonomy":"post_tag","embeddable":true,"href":"https:\/\/www.klimapic.de\/index.php?rest_route=%2Fwp%2Fv2%2Ftags&post=3275"}],"curies":[{"name":"wp","href":"https:\/\/api.w.org\/{rel}","templated":true}]}}