{"id":268,"date":"2017-01-05T06:03:00","date_gmt":"2017-01-05T06:03:00","guid":{"rendered":"http:\/\/new.klimapic.de\/?p=268"},"modified":"2018-10-17T06:03:58","modified_gmt":"2018-10-17T06:03:58","slug":"thema-narben","status":"publish","type":"post","link":"https:\/\/www.klimapic.de\/?p=268","title":{"rendered":"Thema Narben"},"content":{"rendered":"<p class=\"\">Narben sind f\u00fcr immer. Aber nicht immer wollte man sie haben. Ich m\u00f6chte hier auch nicht \u00fcber Narben reden, die man auf Grund einer notwendigen OP bekommen hat.<\/p>\n<p class=\"\">Es geht hier um Narben, die sich Personen zuf\u00fcgen, weil sie es auf Grund einer Krankheit machen. Ja genau, eine Krankheit. Es ist f\u00fcr viele Menschen nicht nachzuvollziehen, was in diesen Menschen vorgeht oder vorging. Nun haben sie aber Narben, k\u00f6rperlich aber auch seelisch.<\/p>\n<p class=\"\">Wer etwas mehr Informationen haben m\u00f6chte, kann auf Wikipedia schon einen kleinen Einstieg bekommen. Aber das Thema ist so komplex, das wird nie jemand vollst\u00e4ndig in Text verfassen k\u00f6nnen. Hier der Link zu <a href=\"https:\/\/de.wikipedia.org\/wiki\/Borderline-Pers\u00f6nlichkeitsst\u00f6rung\" target=\"_blank\" rel=\"noopener\">Wikipedia<\/a>.<\/p>\n<p class=\"\">Nun habe ich aber angefangen, diese Narben auch in Shootings zu entdecken. Es ist nicht einfach mal so fotografiert. Man muss den Menschen kennenlernen. Etwas hinter die Kulisse gucken, um einen Ansatz zu verstehen, warum gerade diese Person auch zur Selbstverletzung gegriffen hat. Und es bedarf eine ganz gro\u00dfe Portion Vertrauen dazu. F\u00fcr einige ist es schon fast was intimes, was ganz privates.<\/p>\n<p class=\"\">In Zukunft werde ich in dieser Galerie immer wieder neue Bilder zeigen und kleine Texte dazu verfassen.<\/p>\n","protected":false},"excerpt":{"rendered":"<p>Narben sind f\u00fcr immer. Aber nicht immer wollte man sie haben. Ich m\u00f6chte hier auch nicht \u00fcber Narben reden, die man auf Grund einer notwendigen OP bekommen hat. Es geht hier um Narben, die sich Personen zuf\u00fcgen, weil sie es auf Grund einer Krankheit machen. Ja genau, eine Krankheit. Es ist f\u00fcr viele Menschen nicht [&hellip;]<\/p>\n","protected":false},"author":1,"featured_media":0,"comment_status":"open","ping_status":"open","sticky":false,"template":"","format":"standard","meta":{"ngg_post_thumbnail":0,"footnotes":""},"categories":[15,24,9],"tags":[],"class_list":["post-268","post","type-post","status-publish","format-standard","hentry","category-rund-um-klimapic","category-ideen-tipps","category-shooting-tipps"],"_links":{"self":[{"href":"https:\/\/www.klimapic.de\/index.php?rest_route=\/wp\/v2\/posts\/268","targetHints":{"allow":["GET"]}}],"collection":[{"href":"https:\/\/www.klimapic.de\/index.php?rest_route=\/wp\/v2\/posts"}],"about":[{"href":"https:\/\/www.klimapic.de\/index.php?rest_route=\/wp\/v2\/types\/post"}],"author":[{"embeddable":true,"href":"https:\/\/www.klimapic.de\/index.php?rest_route=\/wp\/v2\/users\/1"}],"replies":[{"embeddable":true,"href":"https:\/\/www.klimapic.de\/index.php?rest_route=%2Fwp%2Fv2%2Fcomments&post=268"}],"version-history":[{"count":1,"href":"https:\/\/www.klimapic.de\/index.php?rest_route=\/wp\/v2\/posts\/268\/revisions"}],"predecessor-version":[{"id":269,"href":"https:\/\/www.klimapic.de\/index.php?rest_route=\/wp\/v2\/posts\/268\/revisions\/269"}],"wp:attachment":[{"href":"https:\/\/www.klimapic.de\/index.php?rest_route=%2Fwp%2Fv2%2Fmedia&parent=268"}],"wp:term":[{"taxonomy":"category","embeddable":true,"href":"https:\/\/www.klimapic.de\/index.php?rest_route=%2Fwp%2Fv2%2Fcategories&post=268"},{"taxonomy":"post_tag","embeddable":true,"href":"https:\/\/www.klimapic.de\/index.php?rest_route=%2Fwp%2Fv2%2Ftags&post=268"}],"curies":[{"name":"wp","href":"https:\/\/api.w.org\/{rel}","templated":true}]}}