{"id":2679,"date":"2019-06-21T17:00:22","date_gmt":"2019-06-21T15:00:22","guid":{"rendered":"https:\/\/www.klimapic.de\/?p=2679"},"modified":"2019-06-21T10:28:38","modified_gmt":"2019-06-21T08:28:38","slug":"gleise","status":"publish","type":"post","link":"https:\/\/www.klimapic.de\/?p=2679","title":{"rendered":"Gleise"},"content":{"rendered":"\n<p>Wie gern alle immer Bilder mit Bahngleisen machen, sieht man schnell, wenn man aktiv sich Bilder auf den aktuellen Plattformen anschaut. Und leider sehe ich immer wieder Bilder dazwischen, die nicht mehr im legalen Bereich stattfanden. Mit diesen Bildern, die ich mit Natali gemacht habe, zeige ich mal auf, wie einfach legale Werke machbar sind.<\/p>\n\n\n\n<!--more-->\n\n\n\n<figure class=\"wp-block-image\"><img loading=\"lazy\" decoding=\"async\" width=\"1024\" height=\"1024\" src=\"https:\/\/www.klimapic.de\/wp-content\/uploads\/2019\/06\/IMG_9989_KP.jpg\" alt=\"\" class=\"wp-image-2678\" srcset=\"https:\/\/www.klimapic.de\/wp-content\/uploads\/2019\/06\/IMG_9989_KP.jpg 1024w, https:\/\/www.klimapic.de\/wp-content\/uploads\/2019\/06\/IMG_9989_KP-150x150.jpg 150w, https:\/\/www.klimapic.de\/wp-content\/uploads\/2019\/06\/IMG_9989_KP-300x300.jpg 300w, https:\/\/www.klimapic.de\/wp-content\/uploads\/2019\/06\/IMG_9989_KP-768x768.jpg 768w\" sizes=\"auto, (max-width: 980px) 100vw, 980px\" \/><\/figure>\n\n\n\n<p>Und so haben wir uns am Bahnhof Horst\/Holst. mal den Wind um die Ohren fegen lassen. Ja genau, einfach so am Bahnsteig. Hier braucht man nur eine Fahrkarte, eine Genehmigung gibt es bei der DB pauschal. Diese hab ich hier mal verlinkt.<\/p>\n\n\n\n<div class=\"wp-block-file\"><a href=\"https:\/\/www.klimapic.de\/wp-content\/uploads\/2019\/06\/20160428-Hobbyfotografen-data.pdf\">Hobbyfotografen-DB<\/a><a href=\"https:\/\/www.klimapic.de\/wp-content\/uploads\/2019\/06\/20160428-Hobbyfotografen-data.pdf\" class=\"wp-block-file__button\" download>Herunterladen<\/a><\/div>\n\n\n\n<figure class=\"wp-block-image\"><img loading=\"lazy\" decoding=\"async\" width=\"1024\" height=\"1024\" src=\"https:\/\/www.klimapic.de\/wp-content\/uploads\/2019\/06\/IMG_0026_KP.jpg\" alt=\"\" class=\"wp-image-2675\" srcset=\"https:\/\/www.klimapic.de\/wp-content\/uploads\/2019\/06\/IMG_0026_KP.jpg 1024w, https:\/\/www.klimapic.de\/wp-content\/uploads\/2019\/06\/IMG_0026_KP-150x150.jpg 150w, https:\/\/www.klimapic.de\/wp-content\/uploads\/2019\/06\/IMG_0026_KP-300x300.jpg 300w, https:\/\/www.klimapic.de\/wp-content\/uploads\/2019\/06\/IMG_0026_KP-768x768.jpg 768w\" sizes=\"auto, (max-width: 980px) 100vw, 980px\" \/><\/figure>\n\n\n\n<p>Die Bedingungen, welche einzuhalten sind, sind auch \u00fcberschaubar. Klar darf man nicht auf die Gleise. Aber man kann am Bahnsteig recht nah an die Gleise. So das es halt nicht gef\u00e4hrlich ist. Und man darf keine anderen Fahrg\u00e4ste bel\u00e4stigen.<\/p>\n\n\n\n<figure class=\"wp-block-image\"><img loading=\"lazy\" decoding=\"async\" width=\"1024\" height=\"1024\" src=\"https:\/\/www.klimapic.de\/wp-content\/uploads\/2019\/06\/IMG_9978_KP.jpg\" alt=\"\" class=\"wp-image-2677\" srcset=\"https:\/\/www.klimapic.de\/wp-content\/uploads\/2019\/06\/IMG_9978_KP.jpg 1024w, https:\/\/www.klimapic.de\/wp-content\/uploads\/2019\/06\/IMG_9978_KP-150x150.jpg 150w, https:\/\/www.klimapic.de\/wp-content\/uploads\/2019\/06\/IMG_9978_KP-300x300.jpg 300w, https:\/\/www.klimapic.de\/wp-content\/uploads\/2019\/06\/IMG_9978_KP-768x768.jpg 768w\" sizes=\"auto, (max-width: 980px) 100vw, 980px\" \/><\/figure>\n\n\n\n<p>Was auch zu beachten ist, dass man nur zu zweit ist. Neben dem Model und dem Fotografen, sollte nur noch die Kamera anwesend sein. Kein Stativ, kein Blitz oder sonstige Hilfsmittel. Auch ein Reflektor ist untersagt mit der allgemeinen Genehmigung.<\/p>\n\n\n\n<figure class=\"wp-block-image\"><img loading=\"lazy\" decoding=\"async\" width=\"1024\" height=\"1024\" src=\"https:\/\/www.klimapic.de\/wp-content\/uploads\/2019\/06\/IMG_9973_KP.jpg\" alt=\"\" class=\"wp-image-2676\" srcset=\"https:\/\/www.klimapic.de\/wp-content\/uploads\/2019\/06\/IMG_9973_KP.jpg 1024w, https:\/\/www.klimapic.de\/wp-content\/uploads\/2019\/06\/IMG_9973_KP-150x150.jpg 150w, https:\/\/www.klimapic.de\/wp-content\/uploads\/2019\/06\/IMG_9973_KP-300x300.jpg 300w, https:\/\/www.klimapic.de\/wp-content\/uploads\/2019\/06\/IMG_9973_KP-768x768.jpg 768w\" sizes=\"auto, (max-width: 980px) 100vw, 980px\" \/><\/figure>\n\n\n\n<p>Und so haben wir ganz entspannt ein paar Bilder mit Gleisen im Bild gemacht, ohne ein schlechtes Gewissen zu haben. So macht es auch Spa\u00df die Bilder online zu zeigen, weil uns so auch die Online Ermittler nichts anhaben k\u00f6nnen.<\/p>\n\n\n\n<figure class=\"wp-block-image\"><img loading=\"lazy\" decoding=\"async\" width=\"1024\" height=\"1024\" src=\"https:\/\/www.klimapic.de\/wp-content\/uploads\/2019\/06\/IMG_0026_KP.jpg\" alt=\"\" class=\"wp-image-2675\" srcset=\"https:\/\/www.klimapic.de\/wp-content\/uploads\/2019\/06\/IMG_0026_KP.jpg 1024w, https:\/\/www.klimapic.de\/wp-content\/uploads\/2019\/06\/IMG_0026_KP-150x150.jpg 150w, https:\/\/www.klimapic.de\/wp-content\/uploads\/2019\/06\/IMG_0026_KP-300x300.jpg 300w, https:\/\/www.klimapic.de\/wp-content\/uploads\/2019\/06\/IMG_0026_KP-768x768.jpg 768w\" sizes=\"auto, (max-width: 980px) 100vw, 980px\" \/><\/figure>\n\n\n\n<figure class=\"wp-block-image\"><img loading=\"lazy\" decoding=\"async\" width=\"1024\" height=\"1024\" src=\"https:\/\/www.klimapic.de\/wp-content\/uploads\/2019\/06\/IMG_0014_KP.jpg\" alt=\"\" class=\"wp-image-2674\" srcset=\"https:\/\/www.klimapic.de\/wp-content\/uploads\/2019\/06\/IMG_0014_KP.jpg 1024w, https:\/\/www.klimapic.de\/wp-content\/uploads\/2019\/06\/IMG_0014_KP-150x150.jpg 150w, https:\/\/www.klimapic.de\/wp-content\/uploads\/2019\/06\/IMG_0014_KP-300x300.jpg 300w, https:\/\/www.klimapic.de\/wp-content\/uploads\/2019\/06\/IMG_0014_KP-768x768.jpg 768w\" sizes=\"auto, (max-width: 980px) 100vw, 980px\" \/><\/figure>\n\n\n\n<p style=\"font-size:10px\">#portraitfoto #portraitfotograf #studiobilder #kurzfristig #kurzfristigetermine #authentischefotos #authentischefotografie #tierfotografie #outdoorfoto #nophotoshop #familenfoto #TeamKlimaPic #KlimaPic #klimapic #elmshorn #fotograf #fotoshooting #shooting #schleswigholstein #hamburg #norddeutschland #authentisch #ehrlich   <\/p>\n\n\n<ul class=\"wp-block-latest-posts__list is-grid columns-2 has-dates aligncenter wp-block-latest-posts\"><li><a class=\"wp-block-latest-posts__post-title\" href=\"https:\/\/www.klimapic.de\/?p=8053\">Diana ist zur\u00fcck<\/a><time datetime=\"2025-09-30T08:01:36+02:00\" class=\"wp-block-latest-posts__post-date\">30. September 2025<\/time><\/li>\n<li><a class=\"wp-block-latest-posts__post-title\" href=\"https:\/\/www.klimapic.de\/?p=8060\">Die Farbe Herbst 2025<\/a><time datetime=\"2025-09-24T13:39:21+02:00\" class=\"wp-block-latest-posts__post-date\">24. September 2025<\/time><\/li>\n<li><a class=\"wp-block-latest-posts__post-title\" href=\"https:\/\/www.klimapic.de\/?p=8039\">Au\u00dfergew\u00f6hnliche Orte<\/a><time datetime=\"2025-09-09T11:31:52+02:00\" class=\"wp-block-latest-posts__post-date\">9. September 2025<\/time><\/li>\n<li><a class=\"wp-block-latest-posts__post-title\" href=\"https:\/\/www.klimapic.de\/?p=8037\">picdrop &#8211; nicht nur f\u00fcr Profis<\/a><time datetime=\"2025-09-02T10:27:25+02:00\" class=\"wp-block-latest-posts__post-date\">2. September 2025<\/time><\/li>\n<li><a class=\"wp-block-latest-posts__post-title\" href=\"https:\/\/www.klimapic.de\/?p=8012\">Ein gutes Buch<\/a><time datetime=\"2025-06-27T18:17:28+02:00\" class=\"wp-block-latest-posts__post-date\">27. Juni 2025<\/time><\/li>\n<li><a class=\"wp-block-latest-posts__post-title\" href=\"https:\/\/www.klimapic.de\/?p=8000\">Wehendes Haar<\/a><time datetime=\"2025-06-15T13:26:17+02:00\" class=\"wp-block-latest-posts__post-date\">15. Juni 2025<\/time><\/li>\n<li><a class=\"wp-block-latest-posts__post-title\" href=\"https:\/\/www.klimapic.de\/?p=7966\">Der neue Anker Power Block<\/a><time datetime=\"2025-03-20T10:21:29+01:00\" class=\"wp-block-latest-posts__post-date\">20. M\u00e4rz 2025<\/time><\/li>\n<li><a class=\"wp-block-latest-posts__post-title\" href=\"https:\/\/www.klimapic.de\/?p=7936\">Patreon<\/a><time datetime=\"2025-02-20T13:20:23+01:00\" class=\"wp-block-latest-posts__post-date\">20. Februar 2025<\/time><\/li>\n<\/ul>","protected":false},"excerpt":{"rendered":"<p>Wie gern alle immer Bilder mit Bahngleisen machen, sieht man schnell, wenn man aktiv sich Bilder auf den aktuellen Plattformen anschaut. Und leider sehe ich immer wieder Bilder dazwischen, die nicht mehr im legalen Bereich stattfanden. Mit diesen Bildern, die ich mit Natali gemacht habe, zeige ich mal auf, wie einfach legale Werke machbar sind.<\/p>\n","protected":false},"author":1,"featured_media":2673,"comment_status":"open","ping_status":"open","sticky":false,"template":"","format":"standard","meta":{"ngg_post_thumbnail":0,"footnotes":""},"categories":[31],"tags":[111,490,418,419],"class_list":["post-2679","post","type-post","status-publish","format-standard","has-post-thumbnail","hentry","category-showroom","tag-bahn","tag-einfach","tag-gleise","tag-legal"],"_links":{"self":[{"href":"https:\/\/www.klimapic.de\/index.php?rest_route=\/wp\/v2\/posts\/2679","targetHints":{"allow":["GET"]}}],"collection":[{"href":"https:\/\/www.klimapic.de\/index.php?rest_route=\/wp\/v2\/posts"}],"about":[{"href":"https:\/\/www.klimapic.de\/index.php?rest_route=\/wp\/v2\/types\/post"}],"author":[{"embeddable":true,"href":"https:\/\/www.klimapic.de\/index.php?rest_route=\/wp\/v2\/users\/1"}],"replies":[{"embeddable":true,"href":"https:\/\/www.klimapic.de\/index.php?rest_route=%2Fwp%2Fv2%2Fcomments&post=2679"}],"version-history":[{"count":1,"href":"https:\/\/www.klimapic.de\/index.php?rest_route=\/wp\/v2\/posts\/2679\/revisions"}],"predecessor-version":[{"id":2681,"href":"https:\/\/www.klimapic.de\/index.php?rest_route=\/wp\/v2\/posts\/2679\/revisions\/2681"}],"wp:featuredmedia":[{"embeddable":true,"href":"https:\/\/www.klimapic.de\/index.php?rest_route=\/wp\/v2\/media\/2673"}],"wp:attachment":[{"href":"https:\/\/www.klimapic.de\/index.php?rest_route=%2Fwp%2Fv2%2Fmedia&parent=2679"}],"wp:term":[{"taxonomy":"category","embeddable":true,"href":"https:\/\/www.klimapic.de\/index.php?rest_route=%2Fwp%2Fv2%2Fcategories&post=2679"},{"taxonomy":"post_tag","embeddable":true,"href":"https:\/\/www.klimapic.de\/index.php?rest_route=%2Fwp%2Fv2%2Ftags&post=2679"}],"curies":[{"name":"wp","href":"https:\/\/api.w.org\/{rel}","templated":true}]}}