{"id":1850,"date":"2019-06-13T18:00:11","date_gmt":"2019-06-13T16:00:11","guid":{"rendered":"https:\/\/www.klimapic.de\/?p=1850"},"modified":"2019-06-13T11:17:17","modified_gmt":"2019-06-13T09:17:17","slug":"bilder-am-wasser","status":"publish","type":"post","link":"https:\/\/www.klimapic.de\/?p=1850","title":{"rendered":"Bilder am Wasser"},"content":{"rendered":"\n<p>In letzter Zeit bin ich sehr oft am Wasser. Die Planung l\u00e4sst es einfach gerade zu, dass die Flut immer zu meinen Terminen da sein kann. Nein, Spa\u00df bei Seite. Wenn ich wei\u00df, dass es ans Wasser geht, dann gucke ich den Termin schon so aus, dass auch Wasser da ist!<\/p>\n\n\n\n<!--more-->\n\n\n\n<figure class=\"wp-block-image\"><img loading=\"lazy\" decoding=\"async\" width=\"1024\" height=\"1024\" src=\"https:\/\/www.klimapic.de\/wp-content\/uploads\/2019\/06\/IMG_8520_KP.jpg\" alt=\"\" class=\"wp-image-1856\" srcset=\"https:\/\/www.klimapic.de\/wp-content\/uploads\/2019\/06\/IMG_8520_KP.jpg 1024w, https:\/\/www.klimapic.de\/wp-content\/uploads\/2019\/06\/IMG_8520_KP-150x150.jpg 150w, https:\/\/www.klimapic.de\/wp-content\/uploads\/2019\/06\/IMG_8520_KP-300x300.jpg 300w, https:\/\/www.klimapic.de\/wp-content\/uploads\/2019\/06\/IMG_8520_KP-768x768.jpg 768w\" sizes=\"auto, (max-width: 980px) 100vw, 980px\" \/><\/figure>\n\n\n\n<p>Aber diesmal hatte Sarina ganz andere Bilder im Kopf und so setzten wir eine Idee nach der anderen um. Den tag war zum Gl\u00fcck nicht ganz so viel los und wir hatten den Strand die meiste Zeit f\u00fcr uns. <\/p>\n\n\n\n<ul class=\"wp-block-gallery columns-2 is-cropped wp-block-gallery-1 is-layout-flex wp-block-gallery-is-layout-flex\"><li class=\"blocks-gallery-item\"><figure><img loading=\"lazy\" decoding=\"async\" width=\"1024\" height=\"1024\" src=\"https:\/\/www.klimapic.de\/wp-content\/uploads\/2019\/06\/IMG_8510_KP.jpg\" alt=\"\" data-id=\"1855\" data-link=\"https:\/\/www.klimapic.de\/?attachment_id=1855\" class=\"wp-image-1855\" srcset=\"https:\/\/www.klimapic.de\/wp-content\/uploads\/2019\/06\/IMG_8510_KP.jpg 1024w, https:\/\/www.klimapic.de\/wp-content\/uploads\/2019\/06\/IMG_8510_KP-150x150.jpg 150w, https:\/\/www.klimapic.de\/wp-content\/uploads\/2019\/06\/IMG_8510_KP-300x300.jpg 300w, https:\/\/www.klimapic.de\/wp-content\/uploads\/2019\/06\/IMG_8510_KP-768x768.jpg 768w\" sizes=\"auto, (max-width: 980px) 100vw, 980px\" \/><\/figure><\/li><li class=\"blocks-gallery-item\"><figure><img loading=\"lazy\" decoding=\"async\" width=\"1024\" height=\"1024\" src=\"https:\/\/www.klimapic.de\/wp-content\/uploads\/2019\/06\/IMG_8494_KP.jpg\" alt=\"\" data-id=\"1854\" data-link=\"https:\/\/www.klimapic.de\/?attachment_id=1854\" class=\"wp-image-1854\" srcset=\"https:\/\/www.klimapic.de\/wp-content\/uploads\/2019\/06\/IMG_8494_KP.jpg 1024w, https:\/\/www.klimapic.de\/wp-content\/uploads\/2019\/06\/IMG_8494_KP-150x150.jpg 150w, https:\/\/www.klimapic.de\/wp-content\/uploads\/2019\/06\/IMG_8494_KP-300x300.jpg 300w, https:\/\/www.klimapic.de\/wp-content\/uploads\/2019\/06\/IMG_8494_KP-768x768.jpg 768w\" sizes=\"auto, (max-width: 980px) 100vw, 980px\" \/><\/figure><\/li><\/ul>\n\n\n\n<p>Und auch im bade Outfit macht sie eine super Figur. Gerade mit den Wellen kamen die Bilder sehr authentisch r\u00fcber, auch wenn das Wasser sehr kalt war und Sarina eigentlich gerne wieder an den Strand gefl\u00fcchtet w\u00e4re.<\/p>\n\n\n\n<figure class=\"wp-block-image\"><img loading=\"lazy\" decoding=\"async\" width=\"1024\" height=\"1024\" src=\"https:\/\/www.klimapic.de\/wp-content\/uploads\/2019\/06\/IMG_8444_KP.jpg\" alt=\"\" class=\"wp-image-1852\" srcset=\"https:\/\/www.klimapic.de\/wp-content\/uploads\/2019\/06\/IMG_8444_KP.jpg 1024w, https:\/\/www.klimapic.de\/wp-content\/uploads\/2019\/06\/IMG_8444_KP-150x150.jpg 150w, https:\/\/www.klimapic.de\/wp-content\/uploads\/2019\/06\/IMG_8444_KP-300x300.jpg 300w, https:\/\/www.klimapic.de\/wp-content\/uploads\/2019\/06\/IMG_8444_KP-768x768.jpg 768w\" sizes=\"auto, (max-width: 980px) 100vw, 980px\" \/><\/figure>\n\n\n\n<p>Zumindest konnte sie zwischendurch immer wieder mal entspannen und einfach die Sonne genie\u00dfen.<\/p>\n\n\n\n<figure class=\"wp-block-image\"><img loading=\"lazy\" decoding=\"async\" width=\"1024\" height=\"1024\" src=\"https:\/\/www.klimapic.de\/wp-content\/uploads\/2019\/06\/IMG_8460_KP.jpg\" alt=\"\" class=\"wp-image-1853\" srcset=\"https:\/\/www.klimapic.de\/wp-content\/uploads\/2019\/06\/IMG_8460_KP.jpg 1024w, https:\/\/www.klimapic.de\/wp-content\/uploads\/2019\/06\/IMG_8460_KP-150x150.jpg 150w, https:\/\/www.klimapic.de\/wp-content\/uploads\/2019\/06\/IMG_8460_KP-300x300.jpg 300w, https:\/\/www.klimapic.de\/wp-content\/uploads\/2019\/06\/IMG_8460_KP-768x768.jpg 768w\" sizes=\"auto, (max-width: 980px) 100vw, 980px\" \/><\/figure>\n\n\n\n<p style=\"font-size:10px\">#portraitfoto #portraitfotograf #studiobilder #kurzfristig #kurzfristigetermine #authentischefotos #authentischefotografie #tierfotografie #outdoorfoto #nophotoshop #familenfoto #TeamKlimaPic #KlimaPic #klimapic #elmshorn #fotograf #fotoshooting #shooting #schleswigholstein #hamburg #norddeutschland #authentisch #ehrlich   <\/p>\n\n\n<ul class=\"wp-block-latest-posts__list is-grid columns-2 has-dates aligncenter wp-block-latest-posts\"><li><a class=\"wp-block-latest-posts__post-title\" href=\"https:\/\/www.klimapic.de\/?p=8053\">Diana ist zur\u00fcck<\/a><time datetime=\"2025-09-30T08:01:36+02:00\" class=\"wp-block-latest-posts__post-date\">30. September 2025<\/time><\/li>\n<li><a class=\"wp-block-latest-posts__post-title\" href=\"https:\/\/www.klimapic.de\/?p=8060\">Die Farbe Herbst 2025<\/a><time datetime=\"2025-09-24T13:39:21+02:00\" class=\"wp-block-latest-posts__post-date\">24. September 2025<\/time><\/li>\n<li><a class=\"wp-block-latest-posts__post-title\" href=\"https:\/\/www.klimapic.de\/?p=8039\">Au\u00dfergew\u00f6hnliche Orte<\/a><time datetime=\"2025-09-09T11:31:52+02:00\" class=\"wp-block-latest-posts__post-date\">9. September 2025<\/time><\/li>\n<li><a class=\"wp-block-latest-posts__post-title\" href=\"https:\/\/www.klimapic.de\/?p=8037\">picdrop &#8211; nicht nur f\u00fcr Profis<\/a><time datetime=\"2025-09-02T10:27:25+02:00\" class=\"wp-block-latest-posts__post-date\">2. September 2025<\/time><\/li>\n<li><a class=\"wp-block-latest-posts__post-title\" href=\"https:\/\/www.klimapic.de\/?p=8012\">Ein gutes Buch<\/a><time datetime=\"2025-06-27T18:17:28+02:00\" class=\"wp-block-latest-posts__post-date\">27. Juni 2025<\/time><\/li>\n<li><a class=\"wp-block-latest-posts__post-title\" href=\"https:\/\/www.klimapic.de\/?p=8000\">Wehendes Haar<\/a><time datetime=\"2025-06-15T13:26:17+02:00\" class=\"wp-block-latest-posts__post-date\">15. Juni 2025<\/time><\/li>\n<li><a class=\"wp-block-latest-posts__post-title\" href=\"https:\/\/www.klimapic.de\/?p=7966\">Der neue Anker Power Block<\/a><time datetime=\"2025-03-20T10:21:29+01:00\" class=\"wp-block-latest-posts__post-date\">20. M\u00e4rz 2025<\/time><\/li>\n<li><a class=\"wp-block-latest-posts__post-title\" href=\"https:\/\/www.klimapic.de\/?p=7936\">Patreon<\/a><time datetime=\"2025-02-20T13:20:23+01:00\" class=\"wp-block-latest-posts__post-date\">20. Februar 2025<\/time><\/li>\n<\/ul>","protected":false},"excerpt":{"rendered":"<p>In letzter Zeit bin ich sehr oft am Wasser. Die Planung l\u00e4sst es einfach gerade zu, dass die Flut immer zu meinen Terminen da sein kann. Nein, Spa\u00df bei Seite. Wenn ich wei\u00df, dass es ans Wasser geht, dann gucke ich den Termin schon so aus, dass auch Wasser da ist!<\/p>\n","protected":false},"author":1,"featured_media":1851,"comment_status":"open","ping_status":"open","sticky":false,"template":"","format":"standard","meta":{"ngg_post_thumbnail":0,"footnotes":""},"categories":[31],"tags":[124,36,120,119,287,90],"class_list":["post-1850","post","type-post","status-publish","format-standard","has-post-thumbnail","hentry","category-showroom","tag-ausprobieren","tag-entspannt","tag-geniessen","tag-strand","tag-versuchen","tag-wasser"],"_links":{"self":[{"href":"https:\/\/www.klimapic.de\/index.php?rest_route=\/wp\/v2\/posts\/1850","targetHints":{"allow":["GET"]}}],"collection":[{"href":"https:\/\/www.klimapic.de\/index.php?rest_route=\/wp\/v2\/posts"}],"about":[{"href":"https:\/\/www.klimapic.de\/index.php?rest_route=\/wp\/v2\/types\/post"}],"author":[{"embeddable":true,"href":"https:\/\/www.klimapic.de\/index.php?rest_route=\/wp\/v2\/users\/1"}],"replies":[{"embeddable":true,"href":"https:\/\/www.klimapic.de\/index.php?rest_route=%2Fwp%2Fv2%2Fcomments&post=1850"}],"version-history":[{"count":1,"href":"https:\/\/www.klimapic.de\/index.php?rest_route=\/wp\/v2\/posts\/1850\/revisions"}],"predecessor-version":[{"id":1857,"href":"https:\/\/www.klimapic.de\/index.php?rest_route=\/wp\/v2\/posts\/1850\/revisions\/1857"}],"wp:featuredmedia":[{"embeddable":true,"href":"https:\/\/www.klimapic.de\/index.php?rest_route=\/wp\/v2\/media\/1851"}],"wp:attachment":[{"href":"https:\/\/www.klimapic.de\/index.php?rest_route=%2Fwp%2Fv2%2Fmedia&parent=1850"}],"wp:term":[{"taxonomy":"category","embeddable":true,"href":"https:\/\/www.klimapic.de\/index.php?rest_route=%2Fwp%2Fv2%2Fcategories&post=1850"},{"taxonomy":"post_tag","embeddable":true,"href":"https:\/\/www.klimapic.de\/index.php?rest_route=%2Fwp%2Fv2%2Ftags&post=1850"}],"curies":[{"name":"wp","href":"https:\/\/api.w.org\/{rel}","templated":true}]}}