{"id":1658,"date":"2019-05-16T08:40:20","date_gmt":"2019-05-16T06:40:20","guid":{"rendered":"https:\/\/www.klimapic.de\/?p=1658"},"modified":"2019-05-16T08:40:21","modified_gmt":"2019-05-16T06:40:21","slug":"jetzt-oder-zu-spontan","status":"publish","type":"post","link":"https:\/\/www.klimapic.de\/?p=1658","title":{"rendered":"Jetzt? Oder zu spontan?"},"content":{"rendered":"\n<p>Das war Teil der Unterhaltung gestern mit Pola. Ich hatte vergessen, f\u00fcr sie einen neuen Termin heraus zu suchen, obwohl sie mich danach gefragt hatte. Gestern hatte sie dann mal nach gef\u00fchlt 4 Wochen mal nachgefragt. Und ja, das hatte ich dann wohl verpeilt. Da aber gestern nichts weiter im Kalender war, konnte ich spontan was anbieten, sie war auch spontan bereit und so ging es einfach und schnell los.<\/p>\n\n\n\n<!--more-->\n\n\n\n<p>Du m\u00f6chtest etwas zu diesem Beitrag schreiben, eine Diskussion einleiten oder einfach nur ein paar nette Worte \u00fcber den Beitrag da lassen?<br><br>Dann komm auf die Webseite. Solltest du nicht auf der Webseite sein, dann klicke oder kopiere den Link am Ende und kommentiere dort. <br><br> \ud83d\ude42 Ich freue mich \u00fcber deinen Kommentar! <\/p>\n\n\n\n<figure class=\"wp-block-image\"><img loading=\"lazy\" decoding=\"async\" width=\"1024\" height=\"1024\" src=\"https:\/\/www.klimapic.de\/wp-content\/uploads\/2019\/05\/IMG_1789_KP.jpg\" alt=\"\" class=\"wp-image-1653\" srcset=\"https:\/\/www.klimapic.de\/wp-content\/uploads\/2019\/05\/IMG_1789_KP.jpg 1024w, https:\/\/www.klimapic.de\/wp-content\/uploads\/2019\/05\/IMG_1789_KP-150x150.jpg 150w, https:\/\/www.klimapic.de\/wp-content\/uploads\/2019\/05\/IMG_1789_KP-300x300.jpg 300w, https:\/\/www.klimapic.de\/wp-content\/uploads\/2019\/05\/IMG_1789_KP-768x768.jpg 768w\" sizes=\"auto, (max-width: 980px) 100vw, 980px\" \/><\/figure>\n\n\n\n<p>Pola ist halt genau so spontan wie ich. Lange planen ist so gar nicht ihr Ding. Und die Vergangenheit hatte auch gezeigt, dass der Job da gerne mal zwischen funkt. Also spontan 2-3 Dinge gegriffen und es ging los.<\/p>\n\n\n\n<figure class=\"wp-block-image\"><img loading=\"lazy\" decoding=\"async\" width=\"1024\" height=\"1024\" src=\"https:\/\/www.klimapic.de\/wp-content\/uploads\/2019\/05\/IMG_1772_KP.jpg\" alt=\"\" class=\"wp-image-1656\" srcset=\"https:\/\/www.klimapic.de\/wp-content\/uploads\/2019\/05\/IMG_1772_KP.jpg 1024w, https:\/\/www.klimapic.de\/wp-content\/uploads\/2019\/05\/IMG_1772_KP-150x150.jpg 150w, https:\/\/www.klimapic.de\/wp-content\/uploads\/2019\/05\/IMG_1772_KP-300x300.jpg 300w, https:\/\/www.klimapic.de\/wp-content\/uploads\/2019\/05\/IMG_1772_KP-768x768.jpg 768w\" sizes=\"auto, (max-width: 980px) 100vw, 980px\" \/><\/figure>\n\n\n\n<p>Daheim dann fix die Bilder aussortiert und \u00fcberarbeitet. ein paar waren dann in schwarz\/wei\u00df und andere fand ich ansprechender in Farbe.<\/p>\n\n\n\n<figure class=\"wp-block-image\"><img loading=\"lazy\" decoding=\"async\" width=\"1024\" height=\"1024\" src=\"https:\/\/www.klimapic.de\/wp-content\/uploads\/2019\/05\/IMG_1770_KP.jpg\" alt=\"\" class=\"wp-image-1655\" srcset=\"https:\/\/www.klimapic.de\/wp-content\/uploads\/2019\/05\/IMG_1770_KP.jpg 1024w, https:\/\/www.klimapic.de\/wp-content\/uploads\/2019\/05\/IMG_1770_KP-150x150.jpg 150w, https:\/\/www.klimapic.de\/wp-content\/uploads\/2019\/05\/IMG_1770_KP-300x300.jpg 300w, https:\/\/www.klimapic.de\/wp-content\/uploads\/2019\/05\/IMG_1770_KP-768x768.jpg 768w\" sizes=\"auto, (max-width: 980px) 100vw, 980px\" \/><\/figure>\n\n\n\n<p>Auf jeden Fall machte sie wieder eine gute Figur. Es wurde gelacht und wir hatten eine knappe Stunde viel Spa\u00df zusammen. Es muss nicht immer stundenlang gehen. Ich h\u00f6re immer lieber dann auf, wenn es am meisten Spa\u00df macht, denn so bleibt eine positive Erinnerung und der Wunsch nach mehr.<\/p>\n\n\n\n<figure class=\"wp-block-image\"><img loading=\"lazy\" decoding=\"async\" width=\"1024\" height=\"1024\" src=\"https:\/\/www.klimapic.de\/wp-content\/uploads\/2019\/05\/IMG_1789_KP.jpg\" alt=\"\" class=\"wp-image-1653\" srcset=\"https:\/\/www.klimapic.de\/wp-content\/uploads\/2019\/05\/IMG_1789_KP.jpg 1024w, https:\/\/www.klimapic.de\/wp-content\/uploads\/2019\/05\/IMG_1789_KP-150x150.jpg 150w, https:\/\/www.klimapic.de\/wp-content\/uploads\/2019\/05\/IMG_1789_KP-300x300.jpg 300w, https:\/\/www.klimapic.de\/wp-content\/uploads\/2019\/05\/IMG_1789_KP-768x768.jpg 768w\" sizes=\"auto, (max-width: 980px) 100vw, 980px\" \/><\/figure>\n\n\n\n<p style=\"font-size:10px\">#portraitfoto #portraitfotograf #studiobilder #kurzfristig #kurzfristigetermine #authentischefotos #authentischefotografie #tierfotografie #outdoorfoto #nophotoshop #familenfoto #TeamKlimaPic #KlimaPic #klimapic #elmshorn #fotograf #fotoshooting #shooting #schleswigholstein #hamburg #norddeutschland #authentisch #ehrlich   <\/p>\n\n\n<ul class=\"wp-block-latest-posts__list is-grid columns-2 has-dates aligncenter wp-block-latest-posts\"><li><a class=\"wp-block-latest-posts__post-title\" href=\"https:\/\/www.klimapic.de\/?p=8053\">Diana ist zur\u00fcck<\/a><time datetime=\"2025-09-30T08:01:36+02:00\" class=\"wp-block-latest-posts__post-date\">30. September 2025<\/time><\/li>\n<li><a class=\"wp-block-latest-posts__post-title\" href=\"https:\/\/www.klimapic.de\/?p=8060\">Die Farbe Herbst 2025<\/a><time datetime=\"2025-09-24T13:39:21+02:00\" class=\"wp-block-latest-posts__post-date\">24. September 2025<\/time><\/li>\n<li><a class=\"wp-block-latest-posts__post-title\" href=\"https:\/\/www.klimapic.de\/?p=8039\">Au\u00dfergew\u00f6hnliche Orte<\/a><time datetime=\"2025-09-09T11:31:52+02:00\" class=\"wp-block-latest-posts__post-date\">9. September 2025<\/time><\/li>\n<li><a class=\"wp-block-latest-posts__post-title\" href=\"https:\/\/www.klimapic.de\/?p=8037\">picdrop &#8211; nicht nur f\u00fcr Profis<\/a><time datetime=\"2025-09-02T10:27:25+02:00\" class=\"wp-block-latest-posts__post-date\">2. September 2025<\/time><\/li>\n<li><a class=\"wp-block-latest-posts__post-title\" href=\"https:\/\/www.klimapic.de\/?p=8012\">Ein gutes Buch<\/a><time datetime=\"2025-06-27T18:17:28+02:00\" class=\"wp-block-latest-posts__post-date\">27. Juni 2025<\/time><\/li>\n<li><a class=\"wp-block-latest-posts__post-title\" href=\"https:\/\/www.klimapic.de\/?p=8000\">Wehendes Haar<\/a><time datetime=\"2025-06-15T13:26:17+02:00\" class=\"wp-block-latest-posts__post-date\">15. Juni 2025<\/time><\/li>\n<li><a class=\"wp-block-latest-posts__post-title\" href=\"https:\/\/www.klimapic.de\/?p=7966\">Der neue Anker Power Block<\/a><time datetime=\"2025-03-20T10:21:29+01:00\" class=\"wp-block-latest-posts__post-date\">20. M\u00e4rz 2025<\/time><\/li>\n<li><a class=\"wp-block-latest-posts__post-title\" href=\"https:\/\/www.klimapic.de\/?p=7936\">Patreon<\/a><time datetime=\"2025-02-20T13:20:23+01:00\" class=\"wp-block-latest-posts__post-date\">20. Februar 2025<\/time><\/li>\n<\/ul>","protected":false},"excerpt":{"rendered":"<p>Das war Teil der Unterhaltung gestern mit Pola. Ich hatte vergessen, f\u00fcr sie einen neuen Termin heraus zu suchen, obwohl sie mich danach gefragt hatte. Gestern hatte sie dann mal nach gef\u00fchlt 4 Wochen mal nachgefragt. Und ja, das hatte ich dann wohl verpeilt. Da aber gestern nichts weiter im Kalender war, konnte ich spontan [&hellip;]<\/p>\n","protected":false},"author":1,"featured_media":1654,"comment_status":"open","ping_status":"open","sticky":false,"template":"","format":"standard","meta":{"ngg_post_thumbnail":0,"footnotes":""},"categories":[31],"tags":[165,422,88,71,119,90],"class_list":["post-1658","post","type-post","status-publish","format-standard","has-post-thumbnail","hentry","category-showroom","tag-brille","tag-fluss","tag-see","tag-spontan","tag-strand","tag-wasser"],"_links":{"self":[{"href":"https:\/\/www.klimapic.de\/index.php?rest_route=\/wp\/v2\/posts\/1658","targetHints":{"allow":["GET"]}}],"collection":[{"href":"https:\/\/www.klimapic.de\/index.php?rest_route=\/wp\/v2\/posts"}],"about":[{"href":"https:\/\/www.klimapic.de\/index.php?rest_route=\/wp\/v2\/types\/post"}],"author":[{"embeddable":true,"href":"https:\/\/www.klimapic.de\/index.php?rest_route=\/wp\/v2\/users\/1"}],"replies":[{"embeddable":true,"href":"https:\/\/www.klimapic.de\/index.php?rest_route=%2Fwp%2Fv2%2Fcomments&post=1658"}],"version-history":[{"count":3,"href":"https:\/\/www.klimapic.de\/index.php?rest_route=\/wp\/v2\/posts\/1658\/revisions"}],"predecessor-version":[{"id":1662,"href":"https:\/\/www.klimapic.de\/index.php?rest_route=\/wp\/v2\/posts\/1658\/revisions\/1662"}],"wp:featuredmedia":[{"embeddable":true,"href":"https:\/\/www.klimapic.de\/index.php?rest_route=\/wp\/v2\/media\/1654"}],"wp:attachment":[{"href":"https:\/\/www.klimapic.de\/index.php?rest_route=%2Fwp%2Fv2%2Fmedia&parent=1658"}],"wp:term":[{"taxonomy":"category","embeddable":true,"href":"https:\/\/www.klimapic.de\/index.php?rest_route=%2Fwp%2Fv2%2Fcategories&post=1658"},{"taxonomy":"post_tag","embeddable":true,"href":"https:\/\/www.klimapic.de\/index.php?rest_route=%2Fwp%2Fv2%2Ftags&post=1658"}],"curies":[{"name":"wp","href":"https:\/\/api.w.org\/{rel}","templated":true}]}}